{"id":3895,"date":"2025-03-05T19:18:12","date_gmt":"2025-03-05T19:18:12","guid":{"rendered":"https:\/\/ferretecnicfyt.com\/?p=3895"},"modified":"2025-03-05T19:18:12","modified_gmt":"2025-03-05T19:18:12","slug":"equipos-de-seguridad","status":"publish","type":"post","link":"https:\/\/ferretecnicfyt.com\/?p=3895","title":{"rendered":"Equipos de seguridad"},"content":{"rendered":"\n<p class=\"has-white-color has-text-color has-link-color wp-elements-464fb08564a20eea4590d40ce405d847\">En el entorno laboral, la seguridad de los trabajadores es una prioridad indiscutible. El uso adecuado del equipo de seguridad industrial desempe\u00f1a un papel fundamental en la prevenci\u00f3n de accidentes, la reducci\u00f3n de lesiones y la creaci\u00f3n de entornos laborales m\u00e1s seguros.<\/p>\n\n\n\n<p class=\"has-white-color has-text-color has-link-color wp-elements-c1c07211a104f431fe511209fcfbdc5d\">Este art\u00edculo destaca la importancia cr\u00edtica del equipo de protecci\u00f3n personal (EPP) en la seguridad industrial y explora algunos de los tipos esenciales m\u00e1s utilizados y revisa las m\u00e1s recientes innovaciones tecnol\u00f3gicas en este ramo.<\/p>\n\n\n\n<p class=\"has-vivid-red-color has-text-color has-link-color wp-elements-9fd3c115a985fbc1b70ed39a63052334\"><strong>Seguridad y productividad<\/strong><\/p>\n\n\n\n<p class=\"has-white-color has-text-color has-link-color wp-elements-9a95fa74e5afe8b8d1792d85746394d7\">Sin duda, el aspecto fundamental del uso adecuado del equipo de seguridad es la salvaguarda de la integridad f\u00edsica del usuario, al actuar como una barrera protectora. Los cascos, los guantes, las gafas, los arneses y dem\u00e1s equipo son esenciales para prevenir accidentes y lesiones.<\/p>\n\n\n\n<p class=\"has-white-color has-text-color has-link-color wp-elements-1da8fc374c6dd5dff6acbe78f49de78c\">Por ello, la implementaci\u00f3n efectiva del equipo de seguridad contribuye a un entorno laboral m\u00e1s seguro y saludable. Los trabajadores, al sentirse protegidos y confiados, pueden aumentar la productividad general.<\/p>\n\n\n\n<p class=\"has-white-color has-text-color has-link-color wp-elements-a8873ec9cb7ba80bdb67950b932b2a55\">Es tal la importancia de este aspecto que las regulaciones laborales exigen el uso de equipo de seguridad en determinados entornos. Cumplir con estas normativas no solo garantiza la seguridad de los trabajadores, sino que tambi\u00e9n evita sanciones legales y multas para los empleadores.<\/p>\n\n\n\n<p class=\"has-white-color has-text-color has-link-color wp-elements-ada85de8e3bbcf95b8fe008f7a9e8187\">De manera b\u00e1sica, se pueden clasificar los tipos de equipo de acuerdo a la parte del cuerpo que protegen.<\/p>\n\n\n\n<p class=\"has-white-color has-text-color has-link-color wp-elements-5c31cea5c8097e2fe1e9ce6276b74f79\">As\u00ed, es posible identificar a los <strong>cascos<\/strong> que sirven como protecci\u00f3n para la cabeza contra impactos y ca\u00eddas de objetos.&nbsp;<\/p>\n\n\n\n<p class=\"has-white-color has-text-color has-link-color wp-elements-0096f88ef4e1d58c7032ba2e08899f22\">Las <strong>gafas<\/strong> de seguridad y <strong>mascarillas<\/strong> faciales protegen contra part\u00edculas, qu\u00edmicos y radiaci\u00f3n a los ojos y el rostro.<\/p>\n\n\n\n<p class=\"has-white-color has-text-color has-link-color wp-elements-1f627d6996eff33a6c50e1f5d7a52ab4\">Los <strong>guantes<\/strong> brindan protecci\u00f3n a las manos contra cortes, quemaduras, productos qu\u00edmicos, entre otros riesgos.&nbsp;<\/p>\n\n\n\n<p class=\"has-white-color has-text-color has-link-color wp-elements-b82542e66dc4e69b42fd1d79688f74e6\">La protecci\u00f3n respiratoria se obtiene con el uso de <strong>m\u00e1scaras<\/strong> y <strong>respiradores<\/strong> contra polvos, vapores y gases nocivos.<\/p>\n\n\n\n<p class=\"has-white-color has-text-color has-link-color wp-elements-c3e49be42d91d1acb23864c77ceaf81b\">Los <strong>tapones<\/strong> para los o\u00eddos y protectores auditivos mitigan el riesgo de da\u00f1o auditivo debido al ruido excesivo.<\/p>\n\n\n\n<p class=\"has-white-color has-text-color has-link-color wp-elements-e703b04c6ebd320138e9acdd78ce28a6\">Seg\u00fan la normativa, estos equipos se dividen en tres categor\u00edas, de acuerdo con el grado de protecci\u00f3n que brindan:<\/p>\n\n\n\n<p class=\"has-white-color has-text-color has-link-color wp-elements-693adcbe0f02ddedbaaba06451593e46\"><strong>Categor\u00eda I:<\/strong> equipos para proteger contra riesgos m\u00ednimos.<\/p>\n\n\n\n<p class=\"has-white-color has-text-color has-link-color wp-elements-dcb7701aa0f8a373c15e08f8340cefdf\"><strong>Categor\u00eda II:<\/strong> equipos contra riesgos de grado medio o elevado, sin consecuencias mortales o irreversibles.<\/p>\n\n\n\n<p class=\"has-white-color has-text-color has-link-color wp-elements-4aeb28c29fc395f0eef6f303b30cf6e5\"><strong>Categor\u00eda III:<\/strong> equipos de protecci\u00f3n individual destinados a proteger contra riesgos de consecuencias mortales o irreversibles.<\/p>\n\n\n\n<p class=\"has-white-color has-text-color has-link-color wp-elements-7435c6dbf91629891344a3fb470b73d6\">Una categor\u00eda aparte son los <strong>trajes<\/strong> de protecci\u00f3n personal industrial, ya que existe una amplia variedad de ellos, cada uno dise\u00f1ado para proteger contra riesgos espec\u00edficos. Algunos de los tipos m\u00e1s comunes incluyen la protecci\u00f3n <strong>qu\u00edmica<\/strong> (contra sustancias qu\u00edmicas y agentes corrosivos), <strong>ign\u00edfuga<\/strong> (contra fuegos y altas temperaturas), <strong>antirradiaci\u00f3n<\/strong> (contra radiaciones ionizantes y part\u00edculas radiactivas), <strong>biol\u00f3gica<\/strong> (contra agentes biol\u00f3gicos y enfermedades infecciosas), <strong>el\u00e9ctrica<\/strong> (contra el contacto el\u00e9ctrico y arcos el\u00e9ctricos), <strong>mec\u00e1nica<\/strong> (contra heridas causadas por objetos en movimiento o da\u00f1os en la estructura), <strong>radiaci\u00f3n solar<\/strong> (contra las radiaciones ultravioleta e infrarrojas del sol).<\/p>\n","protected":false},"excerpt":{"rendered":"En el entorno laboral, la seguridad de los trabajadores es una prioridad indiscutible. El uso adecuado del equipo de seguridad industrial desempe\u00f1a un \n<a class=\"moretag\" href=\"https:\/\/ferretecnicfyt.com\/?p=3895\"> [...]<\/a>","protected":false},"author":1,"featured_media":3894,"comment_status":"open","ping_status":"open","sticky":false,"template":"","format":"standard","meta":{"jetpack_post_was_ever_published":false,"_jetpack_newsletter_access":"","_jetpack_dont_email_post_to_subs":false,"_jetpack_newsletter_tier_id":0,"footnotes":"","_joinchat":[]},"categories":[3],"tags":[],"jetpack_sharing_enabled":true,"jetpack_featured_media_url":"https:\/\/i0.wp.com\/ferretecnicfyt.com\/wp-content\/uploads\/2025\/03\/equiposdeseguridad.jpg?fit=710%2C440&ssl=1","jetpack_shortlink":"https:\/\/wp.me\/p9OmOl-10P","jetpack-related-posts":[],"_links":{"self":[{"href":"https:\/\/ferretecnicfyt.com\/index.php?rest_route=\/wp\/v2\/posts\/3895"}],"collection":[{"href":"https:\/\/ferretecnicfyt.com\/index.php?rest_route=\/wp\/v2\/posts"}],"about":[{"href":"https:\/\/ferretecnicfyt.com\/index.php?rest_route=\/wp\/v2\/types\/post"}],"author":[{"embeddable":true,"href":"https:\/\/ferretecnicfyt.com\/index.php?rest_route=\/wp\/v2\/users\/1"}],"replies":[{"embeddable":true,"href":"https:\/\/ferretecnicfyt.com\/index.php?rest_route=%2Fwp%2Fv2%2Fcomments&post=3895"}],"version-history":[{"count":1,"href":"https:\/\/ferretecnicfyt.com\/index.php?rest_route=\/wp\/v2\/posts\/3895\/revisions"}],"predecessor-version":[{"id":3896,"href":"https:\/\/ferretecnicfyt.com\/index.php?rest_route=\/wp\/v2\/posts\/3895\/revisions\/3896"}],"wp:featuredmedia":[{"embeddable":true,"href":"https:\/\/ferretecnicfyt.com\/index.php?rest_route=\/wp\/v2\/media\/3894"}],"wp:attachment":[{"href":"https:\/\/ferretecnicfyt.com\/index.php?rest_route=%2Fwp%2Fv2%2Fmedia&parent=3895"}],"wp:term":[{"taxonomy":"category","embeddable":true,"href":"https:\/\/ferretecnicfyt.com\/index.php?rest_route=%2Fwp%2Fv2%2Fcategories&post=3895"},{"taxonomy":"post_tag","embeddable":true,"href":"https:\/\/ferretecnicfyt.com\/index.php?rest_route=%2Fwp%2Fv2%2Ftags&post=3895"}],"curies":[{"name":"wp","href":"https:\/\/api.w.org\/{rel}","templated":true}]}}