{"id":1514,"date":"2018-03-05T19:20:44","date_gmt":"2018-03-05T19:20:44","guid":{"rendered":"http:\/\/ferretecnicfyt.com\/?p=1514"},"modified":"2018-04-09T16:15:29","modified_gmt":"2018-04-09T16:15:29","slug":"la-yesca-expresion-de-alta-ingenieria","status":"publish","type":"post","link":"https:\/\/ferretecnicfyt.com\/?p=1514","title":{"rendered":"LA YESCA expresi\u00f3n de alta ingenier\u00eda"},"content":{"rendered":"<h2 style=\"text-align: center;\"><span style=\"color: #ffffff;\">La Yesca expresi\u00f3n de alta ingenier\u00eda<\/span><\/h2>\n<p><span style=\"color: #ffffff;\"><em><strong>Texto: Joaqu\u00edn Esteva<\/strong><\/em><\/span><\/p>\n<p><span style=\"color: #ffffff;\">A cinco a\u00f1os de su inauguraci\u00f3n, la Presa La Yesca es una presa que requiri\u00f3 de innovadores sistemas y tecnolog\u00eda avanzada aplicada por ingenieros mexicanos. Entre sus principales caracter\u00edsticas sobresale su altura, que alcanza 220 metros, por lo cual es considerada entre las m\u00e1s altas del mundo.<\/span><\/p>\n<p><span style=\"color: #ffffff;\">La Presa La Yesca, oficialmente Proyecto Hidroel\u00e9ctrico \u201cAlfredo El\u00edas Ayub\u201d, es una presa y central hidroel\u00e9ctrica ubicada en el cauce del R\u00edo Grande de Santiago, entre los municipio de La Yesca, Nayarit, y Hostotipaquillo, Jalisco.<\/span><\/p>\n<p><span style=\"color: #ffffff;\">La Yesca forma parte de un conjunto de centrales hidroel\u00e9ctricas que funcionan como una cascada, a fin de ganar fuerza en su caudal con el fin la mayor eficiencia de los sistemas de turbinas generadoras de electricidad.<\/span><\/p>\n<p><span style=\"color: #ffffff;\">La gran edificaci\u00f3n cuenta con dos turbogeneradores tipo Francis, verticales, que en la cresta mayor de producci\u00f3n alcanzan 750 MW, a trav\u00e9s de dos t\u00faneles.<\/span><\/p>\n<p><span style=\"color: #ffffff;\">M\u00e1s de diez mil trabajadores excavaron y realizaron el desplante en la zona, apoyados en un gran equipo de barrenaci\u00f3n y tractores que movieron miles de toneladas de tierra, principalmente donde se construyeron la cortina de concreto, las compuertas, la casa de m\u00e1quinas, dos t\u00faneles para los generadores, y la subestaci\u00f3n.<\/span><\/p>\n<h2 style=\"text-align: center;\"><span style=\"color: #ffffff;\">Dimensiones del coloso<\/span><\/h2>\n<p><span style=\"color: #ffffff;\">M\u00e1s de tres mil 650 hect\u00e1reas abarca la cuenca de la presa La Yesca, que toma su nombre del poblado donde se ubica, y su embalse a cielo abierto tiene el objetivo de cubrir la demanda energ\u00e9tica de la regi\u00f3n, as\u00ed como contribuir al crecimiento del pa\u00eds mediante la generaci\u00f3n de energ\u00eda limpia.<\/span><\/p>\n<p><span style=\"color: #ffffff;\">Antes de emprender la tarea de desplazar cinco millones de toneladas de roca, tractores tipo D8N prepararon y limpiaron el \u00e1rea, al mismo tiempo que se colocaron millones de metros c\u00fabicos de roca para dar formar a la cortina.<\/span><\/p>\n<p><span style=\"color: #ffffff;\">Durante los trabajos, a 508 metros sobre la base de la presa se abrieron caminos de brecha para subir los equipos de barrenaci\u00f3n y los tractores necesarios, y para evitar el desprendimiento de los taludes se aplicaron revestimientos en cada una de las caras de los mont\u00edculos circundantes.<\/span><\/p>\n<p><span style=\"color: #ffffff;\">Durante los estudios de mec\u00e1nica de suelos, la constructora ICA, junto con otras firmas responsables de la obra, detect\u00f3 fracturas geol\u00f3gicas, lo cual motiv\u00f3 que ingenieros mexicanos crearan un innovador sistema, con base en estructuras met\u00e1licas tipo clavo, con di\u00e1metro de nueve metros, que fueron enterradas para que la monta\u00f1a pr\u00e1cticamente quedara clavada al suelo.<\/span><\/p>\n<p><span style=\"color: #ffffff;\">La excavaci\u00f3n de los t\u00faneles, tanto de la casa de m\u00e1quinas como de los generadores, se realizaron en tres etapas: piloto-b\u00f3veda, ampliaci\u00f3n-b\u00f3veda y banqueo, hasta concluir con los trabajos de la realizaci\u00f3n del llamado canal de salida.<\/span><\/p>\n<h2 style=\"text-align: center;\"><span style=\"color: #ffffff;\">Revestimientos y equipo electromec\u00e1nico<\/span><\/h2>\n<p><span style=\"color: #ffffff;\">Las rocas previamente instaladas en la que ser\u00eda finalmente la cortina fueron cubiertas y reforzadas con un revestimiento de concreto. Con el apoyo de cimbra de acero, se sustent\u00f3 el gran emparrillado necesario en \u00e1reas de 40 metros, y dos bombas estacionarias inyectaron el material mediante tuber\u00edas de seis pulgadas.<\/span><\/p>\n<p><span style=\"color: #ffffff;\">La cara principal de la presa tiene una superficie de 110 m2, y para su recubrimiento el equipo de trabajo arm\u00f3 emparrillados de 15 metros cuadrados, en cuyas uniones ocup\u00f3 cobre y PVC.<\/span><\/p>\n<p><span style=\"color: #ffffff;\">Al mismo tiempo, otro grupo coloc\u00f3 el equipo electromec\u00e1nico, que comprende las compuertas, las gr\u00faas del cuarto de m\u00e1quinas, los turbogeneradores y la subestaci\u00f3n encapsulada aislada SF6.<\/span><\/p>\n<p><span style=\"color: #ffffff;\">Para las compuertas se construy\u00f3 una especie de lumbrera que se ubic\u00f3 cerca del t\u00fanel. Cada una de las compuertas tienen 12.50 metros de ancho por 20 de altura.<\/span><br \/>\n<span style=\"color: #ffffff;\"> Para conseguir la instalaci\u00f3n \u00f3ptima de las compuertas, fueron fabricadas en secciones, se montaron dentro de su vano con el apoyo de gr\u00faas, y se soldaron las secciones con m\u00e1quinas SAF 600. Las compuertas son del tipo vag\u00f3n, con formato rectangular y tipo tablero.<\/span><\/p>\n<p><span style=\"color: #ffffff;\">Posteriormente, se colocaron los turbogeneradores seccionados: para unir cada pieza se recurri\u00f3 a torniller\u00eda de acero inoxidable y soldadura de sello en la parte del acoplamiento.<\/span><\/p>\n<p><span style=\"color: #ffffff;\">La construcci\u00f3n de La Yesca tom\u00f3 cinco a\u00f1os y fue la segunda obra construida con recursos privados; en 2012, a\u00f1o en que fue inaugurada, fue considerada entre las cinco presas m\u00e1s altas del mundo, y la inversi\u00f3n en la gran obra fue de cerca de mil 42 millones de pesos, 30% m\u00e1s de lo programado de manera inicial.<\/span><\/p>\n<p><img loading=\"lazy\" decoding=\"async\" data-attachment-id=\"1518\" data-permalink=\"https:\/\/ferretecnicfyt.com\/?attachment_id=1518\" data-orig-file=\"https:\/\/i0.wp.com\/ferretecnicfyt.com\/wp-content\/uploads\/2018\/03\/2018-05-03-15-03-25.jpeg?fit=2048%2C2048&amp;ssl=1\" data-orig-size=\"2048,2048\" data-comments-opened=\"1\" data-image-meta=\"{&quot;aperture&quot;:&quot;0&quot;,&quot;credit&quot;:&quot;&quot;,&quot;camera&quot;:&quot;&quot;,&quot;caption&quot;:&quot;&quot;,&quot;created_timestamp&quot;:&quot;0&quot;,&quot;copyright&quot;:&quot;&quot;,&quot;focal_length&quot;:&quot;0&quot;,&quot;iso&quot;:&quot;0&quot;,&quot;shutter_speed&quot;:&quot;0&quot;,&quot;title&quot;:&quot;&quot;,&quot;orientation&quot;:&quot;0&quot;}\" data-image-title=\"2018-05-03-15-03-25\" data-image-description=\"\" data-image-caption=\"\" data-medium-file=\"https:\/\/i0.wp.com\/ferretecnicfyt.com\/wp-content\/uploads\/2018\/03\/2018-05-03-15-03-25.jpeg?fit=300%2C300&amp;ssl=1\" data-large-file=\"https:\/\/i0.wp.com\/ferretecnicfyt.com\/wp-content\/uploads\/2018\/03\/2018-05-03-15-03-25.jpeg?fit=747%2C747&amp;ssl=1\" class=\"wp-image-1518 size-large aligncenter\" src=\"https:\/\/i0.wp.com\/ferretecnicfyt.com\/wp-content\/uploads\/2018\/03\/2018-05-03-15-03-25-1024x1024.jpeg?resize=747%2C747\" alt=\"\" width=\"747\" height=\"747\" srcset=\"https:\/\/i0.wp.com\/ferretecnicfyt.com\/wp-content\/uploads\/2018\/03\/2018-05-03-15-03-25.jpeg?resize=1024%2C1024&amp;ssl=1 1024w, https:\/\/i0.wp.com\/ferretecnicfyt.com\/wp-content\/uploads\/2018\/03\/2018-05-03-15-03-25.jpeg?resize=150%2C150&amp;ssl=1 150w, https:\/\/i0.wp.com\/ferretecnicfyt.com\/wp-content\/uploads\/2018\/03\/2018-05-03-15-03-25.jpeg?resize=300%2C300&amp;ssl=1 300w, https:\/\/i0.wp.com\/ferretecnicfyt.com\/wp-content\/uploads\/2018\/03\/2018-05-03-15-03-25.jpeg?resize=768%2C768&amp;ssl=1 768w, https:\/\/i0.wp.com\/ferretecnicfyt.com\/wp-content\/uploads\/2018\/03\/2018-05-03-15-03-25.jpeg?w=2048&amp;ssl=1 2048w, https:\/\/i0.wp.com\/ferretecnicfyt.com\/wp-content\/uploads\/2018\/03\/2018-05-03-15-03-25.jpeg?w=1494&amp;ssl=1 1494w\" sizes=\"(max-width: 747px) 100vw, 747px\" data-recalc-dims=\"1\" \/><\/p>\n<p>&nbsp;<\/p>\n","protected":false},"excerpt":{"rendered":"La Yesca expresi\u00f3n de alta ingenier\u00eda Texto: Joaqu\u00edn Esteva A cinco a\u00f1os de su inauguraci\u00f3n, la Presa La Yesca es una presa que \n<a class=\"moretag\" href=\"https:\/\/ferretecnicfyt.com\/?p=1514\"> [...]<\/a>","protected":false},"author":2,"featured_media":1515,"comment_status":"open","ping_status":"open","sticky":false,"template":"","format":"standard","meta":{"jetpack_post_was_ever_published":false,"_jetpack_newsletter_access":"","_jetpack_dont_email_post_to_subs":false,"_jetpack_newsletter_tier_id":0,"footnotes":"","_joinchat":[]},"categories":[5],"tags":[],"jetpack_sharing_enabled":true,"jetpack_featured_media_url":"https:\/\/i0.wp.com\/ferretecnicfyt.com\/wp-content\/uploads\/2018\/03\/La-yesca.jpg?fit=800%2C500&ssl=1","jetpack_shortlink":"https:\/\/wp.me\/p9OmOl-oq","jetpack-related-posts":[],"_links":{"self":[{"href":"https:\/\/ferretecnicfyt.com\/index.php?rest_route=\/wp\/v2\/posts\/1514"}],"collection":[{"href":"https:\/\/ferretecnicfyt.com\/index.php?rest_route=\/wp\/v2\/posts"}],"about":[{"href":"https:\/\/ferretecnicfyt.com\/index.php?rest_route=\/wp\/v2\/types\/post"}],"author":[{"embeddable":true,"href":"https:\/\/ferretecnicfyt.com\/index.php?rest_route=\/wp\/v2\/users\/2"}],"replies":[{"embeddable":true,"href":"https:\/\/ferretecnicfyt.com\/index.php?rest_route=%2Fwp%2Fv2%2Fcomments&post=1514"}],"version-history":[{"count":3,"href":"https:\/\/ferretecnicfyt.com\/index.php?rest_route=\/wp\/v2\/posts\/1514\/revisions"}],"predecessor-version":[{"id":1519,"href":"https:\/\/ferretecnicfyt.com\/index.php?rest_route=\/wp\/v2\/posts\/1514\/revisions\/1519"}],"wp:featuredmedia":[{"embeddable":true,"href":"https:\/\/ferretecnicfyt.com\/index.php?rest_route=\/wp\/v2\/media\/1515"}],"wp:attachment":[{"href":"https:\/\/ferretecnicfyt.com\/index.php?rest_route=%2Fwp%2Fv2%2Fmedia&parent=1514"}],"wp:term":[{"taxonomy":"category","embeddable":true,"href":"https:\/\/ferretecnicfyt.com\/index.php?rest_route=%2Fwp%2Fv2%2Fcategories&post=1514"},{"taxonomy":"post_tag","embeddable":true,"href":"https:\/\/ferretecnicfyt.com\/index.php?rest_route=%2Fwp%2Fv2%2Ftags&post=1514"}],"curies":[{"name":"wp","href":"https:\/\/api.w.org\/{rel}","templated":true}]}}